{"id":8366,"date":"2024-09-12T11:20:00","date_gmt":"2024-09-12T09:20:00","guid":{"rendered":"https:\/\/www.saintejeannedechantal.com\/?p=8366"},"modified":"2025-06-10T12:18:07","modified_gmt":"2025-06-10T10:18:07","slug":"chorale-10-17-ans-sainte-jeanne-de-chantal","status":"publish","type":"post","link":"https:\/\/www.saintejeannedechantal.com\/index.php\/2024\/09\/12\/chorale-10-17-ans-sainte-jeanne-de-chantal\/","title":{"rendered":"CHORALE 10-17 ans Sainte Jeanne de Chantal"},"content":{"rendered":"\t\t<div data-elementor-type=\"wp-post\" data-elementor-id=\"8366\" class=\"elementor elementor-8366\" data-elementor-post-type=\"post\">\n\t\t\t\t\t\t<section class=\"elementor-section elementor-top-section elementor-element elementor-element-49ccf0bd elementor-section-boxed elementor-section-height-default elementor-section-height-default\" data-id=\"49ccf0bd\" data-element_type=\"section\" data-e-type=\"section\">\n\t\t\t\t\t\t<div class=\"elementor-container elementor-column-gap-default\">\n\t\t\t\t\t<div class=\"elementor-column elementor-col-100 elementor-top-column elementor-element elementor-element-7c03bac7\" data-id=\"7c03bac7\" data-element_type=\"column\" data-e-type=\"column\">\n\t\t\t<div class=\"elementor-widget-wrap elementor-element-populated\">\n\t\t\t\t\t\t<div class=\"elementor-element elementor-element-7595a2ee elementor-widget elementor-widget-text-editor\" data-id=\"7595a2ee\" data-element_type=\"widget\" data-e-type=\"widget\" data-widget_type=\"text-editor.default\">\n\t\t\t\t<div class=\"elementor-widget-container\">\n\t\t\t\t\t\t\t\t\t<p><\/p>\n<p><strong>QUOI&nbsp;?<\/strong>&nbsp; Chorale pour jeunes motiv\u00e9s de 10 \u00e0 17 ans. Assiduit\u00e9, d\u00e9sir d&#8217;apprentissage, vie d&#8217;\u00e9quipe et de choeur&nbsp;<\/p>\n<p><\/p>\n<p>R\u00e9pertoire vari\u00e9 : chants traditionnels et r\u00e9cents, religieux et ludiques, \u00e0 chanter en famille<\/p>\n<p><\/p>\n<p>Participation \u00e0 une messe du dimanche 10h30 une fois par mois<\/p>\n<p><\/p>\n<p>Participation au concert de No\u00ebl et \u00e0 la f\u00eate de la musique<\/p>\n<p><\/p>\n<p><strong>Chef de ch\u0153ur professionnel<\/strong> : Anne DUBUIS, chanteuse lyrique et formatrice de chantres-animateurs<\/p>\n<p><\/p>\n<p><strong>QUAND&nbsp;? <\/strong>Du mercredi 10 septembre 2025 au mercredi 24 juin 2026 inclus, 17h-18h30 salle Kowalski hors vacances scolaires<\/p>\n<p><\/p>\n<p><strong>CO\u00dbT&nbsp;?<\/strong> 150 euros aide possible selon quotion familial ou assimil\u00e9&#8230;<\/p>\n<p>80\u20ac pour les enfants inscrits au patronage le mercredi<\/p>\n<p><\/p>\n<p><strong>COMMENT&nbsp;?<\/strong> Une session d\u00e9couverte en d\u00e9but d\u2019ann\u00e9e.<\/p>\n<p><\/p>\n<p><b>CONTACT :&nbsp;<\/b><a href=\"mailto:choraledesenfantsjc@gmail.com\">choraledesenfantsjc@gmail.com<\/a>&nbsp;<\/p>\n<p><strong>INSCRIPTION<\/strong><\/p>\n<p>via le QRCode<\/p>\n<p><img decoding=\"async\" class=\"wp-image-9375 alignnone\" src=\"https:\/\/www.saintejeannedechantal.com\/wp-content\/uploads\/2025\/06\/QR-CODE-CHORALE-ENFANTS-300x300.png\" alt=\"\" width=\"109\" height=\"109\" srcset=\"https:\/\/www.saintejeannedechantal.com\/wp-content\/uploads\/2025\/06\/QR-CODE-CHORALE-ENFANTS-300x300.png 300w, https:\/\/www.saintejeannedechantal.com\/wp-content\/uploads\/2025\/06\/QR-CODE-CHORALE-ENFANTS-150x150.png 150w, https:\/\/www.saintejeannedechantal.com\/wp-content\/uploads\/2025\/06\/QR-CODE-CHORALE-ENFANTS-170x170.png 170w, https:\/\/www.saintejeannedechantal.com\/wp-content\/uploads\/2025\/06\/QR-CODE-CHORALE-ENFANTS.png 340w\" sizes=\"(max-width: 109px) 100vw, 109px\" \/><\/p>\n<p><br><\/p>\n<p><\/p>\t\t\t\t\t\t\t\t<\/div>\n\t\t\t\t<\/div>\n\t\t\t\t\t<\/div>\n\t\t<\/div>\n\t\t\t\t\t<\/div>\n\t\t<\/section>\n\t\t\t\t<\/div>\n\t\t","protected":false},"excerpt":{"rendered":"<p>QUOI&nbsp;?&nbsp; Chorale pour jeunes motiv\u00e9s de 10 \u00e0 17 ans. Assiduit\u00e9, d\u00e9sir d&#8217;apprentissage, vie d&#8217;\u00e9quipe et de choeur&nbsp; R\u00e9pertoire vari\u00e9 : chants traditionnels et r\u00e9cents, religieux et ludiques, \u00e0 chanter en famille Participation \u00e0 une messe du dimanche 10h30 une fois par mois Participation au concert de No\u00ebl et \u00e0 la f\u00eate de la musique [&hellip;]<\/p>\n","protected":false},"author":9,"featured_media":9380,"comment_status":"closed","ping_status":"closed","sticky":false,"template":"","format":"standard","meta":{"footnotes":""},"categories":[1],"tags":[],"class_list":["post-8366","post","type-post","status-publish","format-standard","has-post-thumbnail","hentry","category-non-classe"],"meta_box":[],"_links":{"self":[{"href":"https:\/\/www.saintejeannedechantal.com\/index.php\/wp-json\/wp\/v2\/posts\/8366","targetHints":{"allow":["GET"]}}],"collection":[{"href":"https:\/\/www.saintejeannedechantal.com\/index.php\/wp-json\/wp\/v2\/posts"}],"about":[{"href":"https:\/\/www.saintejeannedechantal.com\/index.php\/wp-json\/wp\/v2\/types\/post"}],"author":[{"embeddable":true,"href":"https:\/\/www.saintejeannedechantal.com\/index.php\/wp-json\/wp\/v2\/users\/9"}],"replies":[{"embeddable":true,"href":"https:\/\/www.saintejeannedechantal.com\/index.php\/wp-json\/wp\/v2\/comments?post=8366"}],"version-history":[{"count":8,"href":"https:\/\/www.saintejeannedechantal.com\/index.php\/wp-json\/wp\/v2\/posts\/8366\/revisions"}],"predecessor-version":[{"id":9386,"href":"https:\/\/www.saintejeannedechantal.com\/index.php\/wp-json\/wp\/v2\/posts\/8366\/revisions\/9386"}],"wp:featuredmedia":[{"embeddable":true,"href":"https:\/\/www.saintejeannedechantal.com\/index.php\/wp-json\/wp\/v2\/media\/9380"}],"wp:attachment":[{"href":"https:\/\/www.saintejeannedechantal.com\/index.php\/wp-json\/wp\/v2\/media?parent=8366"}],"wp:term":[{"taxonomy":"category","embeddable":true,"href":"https:\/\/www.saintejeannedechantal.com\/index.php\/wp-json\/wp\/v2\/categories?post=8366"},{"taxonomy":"post_tag","embeddable":true,"href":"https:\/\/www.saintejeannedechantal.com\/index.php\/wp-json\/wp\/v2\/tags?post=8366"}],"curies":[{"name":"wp","href":"https:\/\/api.w.org\/{rel}","templated":true}]}}